{"id":10179,"date":"2023-03-05T08:42:05","date_gmt":"2023-03-05T07:42:05","guid":{"rendered":"https:\/\/msdpaisajismo.com\/?p=10179"},"modified":"2024-09-17T10:58:55","modified_gmt":"2024-09-17T08:58:55","slug":"paseo-botanico-a-urdiain-navarra","status":"publish","type":"post","link":"https:\/\/msdpaisajismo.com\/de\/paseo-botanico-a-urdiain-navarra\/","title":{"rendered":"Botanischer Spaziergang nach Urdiain, Navarra"},"content":{"rendered":"<div data-elementor-type=\"wp-post\" data-elementor-id=\"10179\" class=\"elementor elementor-10179\" data-elementor-post-type=\"post\">\n\t\t\t\t        <section class=\"elementor-section elementor-top-section elementor-element elementor-element-31596c4b elementor-section-boxed elementor-section-height-default elementor-section-height-default pxl-row-scroll-none pxl-show-grid-none pxl-section-bg-none pxl-section-grid-bg-false\" data-id=\"31596c4b\" data-element_type=\"section\">\n\n                \n                <div class=\"elementor-container elementor-column-gap-default\">\n                <div class=\"elementor-column elementor-col-100 elementor-top-column elementor-element elementor-element-78c58c4 pxl-column-none\" data-id=\"78c58c4\" data-element_type=\"column\">\r\n        <div class=\"elementor-widget-wrap elementor-element-populated\">\r\n                     \r\n        \t\t<div class=\"elementor-element elementor-element-405b17bf elementor-widget elementor-widget-text-editor\" data-id=\"405b17bf\" data-element_type=\"widget\" data-widget_type=\"text-editor.default\">\n\t\t\t\t<div class=\"elementor-widget-container\">\n\t\t\t\t\t\t\t\t\t<p>Ich bin mit dem Azkoien Commando nach Urdiain gefahren, dank meines Freundes C\u00e9sar Gonz\u00e1lez, um die Narzissen in den dortigen Buchenw\u00e4ldern zu bewundern. Wie immer ein Vergn\u00fcgen in guter Gesellschaft. Und nach einem kurzen Spaziergang sahen wir Hunderte und Aberhunderte dieser pr\u00e4chtigen Zwiebelblumen, so typisch f\u00fcr Navarra.<\/p><div><p><a target=\"_blank\" href=\"https:\/\/blogger.googleusercontent.com\/img\/b\/R29vZ2xl\/AVvXsEhbEdi1X3RT5jVNbs96ll5b2UO8Qdvxua_yWpuMOw3YGvkyPt3QcbxPi9HDEzvVdITypb2k63r0e3rrkEAiFkDfWis4pzD0KseKcMaj4n2PAheY4eqxN3fokJVHw2VF8pJBdu0KyPf_uA4g\/s1600\/1678080871801844-0.png\">    <img decoding=\"async\" src=\"https:\/\/blogger.googleusercontent.com\/img\/b\/R29vZ2xl\/AVvXsEhbEdi1X3RT5jVNbs96ll5b2UO8Qdvxua_yWpuMOw3YGvkyPt3QcbxPi9HDEzvVdITypb2k63r0e3rrkEAiFkDfWis4pzD0KseKcMaj4n2PAheY4eqxN3fokJVHw2VF8pJBdu0KyPf_uA4g\/s1600\/1678080871801844-0.png\" \/>  <\/a><\/p><br \/><\/div><p>Narcissus palidiflorus.<\/p><p><a target=\"_blank\" href=\"https:\/\/blogger.googleusercontent.com\/img\/b\/R29vZ2xl\/AVvXsEgovjt4JY3uGGqWW7iz6pDCIu73FBbIhz1DODoURv5Y7rj183DkdtwYzJdJbEe7n7YGZSTIQZIKK8TBOoi5PwloEeOtn1MZandPetpTUhMRsAM050skdyAlQT-7-b68wOyDUwwAejWjN9kn\/s1600\/1678080869369666-1.png\">    <img decoding=\"async\" src=\"https:\/\/blogger.googleusercontent.com\/img\/b\/R29vZ2xl\/AVvXsEgovjt4JY3uGGqWW7iz6pDCIu73FBbIhz1DODoURv5Y7rj183DkdtwYzJdJbEe7n7YGZSTIQZIKK8TBOoi5PwloEeOtn1MZandPetpTUhMRsAM050skdyAlQT-7-b68wOyDUwwAejWjN9kn\/s1600\/1678080869369666-1.png\" \/>  <\/a><\/p><div><div><p><a target=\"_blank\" href=\"https:\/\/blogger.googleusercontent.com\/img\/b\/R29vZ2xl\/AVvXsEgVvZlmOeJKM44dJWciC6CiPfwqOBeoyZ1lc1_mRaH0Y6WB65GjZYpY1H9-Ibw5PqZrSfC7j4XTyrAaDKj8J_R6HCKZwEtfwLsUAkAhwWDMTS7VgDggfMnfX8xzxH_u1mLyxajCgviTzHwm\/s1600\/1678080866929052-2.png\">    <img decoding=\"async\" src=\"https:\/\/blogger.googleusercontent.com\/img\/b\/R29vZ2xl\/AVvXsEgVvZlmOeJKM44dJWciC6CiPfwqOBeoyZ1lc1_mRaH0Y6WB65GjZYpY1H9-Ibw5PqZrSfC7j4XTyrAaDKj8J_R6HCKZwEtfwLsUAkAhwWDMTS7VgDggfMnfX8xzxH_u1mLyxajCgviTzHwm\/s1600\/1678080866929052-2.png\" \/>  <\/a><\/p><\/div><div><p><a target=\"_blank\" href=\"https:\/\/blogger.googleusercontent.com\/img\/b\/R29vZ2xl\/AVvXsEgRBfczcYohRiQ08F-XGhvIMCT7kLcOELijMkAdZZWphLfq8xGSFraCO5XiV81ve1hdKYVcMFM_HNE3O40ZhSB4yqGhaXkC5sUeBZTTchcriOzJDX-LA2Cm8_khbiB_0Fq8Q9BIC2qfAxwb\/s1600\/1678080864378169-3.png\">    <img decoding=\"async\" src=\"https:\/\/blogger.googleusercontent.com\/img\/b\/R29vZ2xl\/AVvXsEgRBfczcYohRiQ08F-XGhvIMCT7kLcOELijMkAdZZWphLfq8xGSFraCO5XiV81ve1hdKYVcMFM_HNE3O40ZhSB4yqGhaXkC5sUeBZTTchcriOzJDX-LA2Cm8_khbiB_0Fq8Q9BIC2qfAxwb\/s1600\/1678080864378169-3.png\" \/>  <\/a><\/p><\/div><div><p>Es gab auch eine betr\u00e4chtliche Menge Erythronium dens-canis, aber diese war noch unge\u00f6ffnet.<\/p><p><a target=\"_blank\" href=\"https:\/\/blogger.googleusercontent.com\/img\/b\/R29vZ2xl\/AVvXsEgoT4quJufB6LlJJn9nIUEnIQg36-ft6yihpFjKk6Hri4YsExUuUuayPqhErjJND2UnmNdg3KOFzH_X8zG_EcwuAG7oq0SZVd1rPLB3XjWpBO8_Xvsy-vNryVK-Z5qiJVbpOyQnzo8v41rY\/s1600\/1678080861926692-4.png\">    <img decoding=\"async\" src=\"https:\/\/blogger.googleusercontent.com\/img\/b\/R29vZ2xl\/AVvXsEgoT4quJufB6LlJJn9nIUEnIQg36-ft6yihpFjKk6Hri4YsExUuUuayPqhErjJND2UnmNdg3KOFzH_X8zG_EcwuAG7oq0SZVd1rPLB3XjWpBO8_Xvsy-vNryVK-Z5qiJVbpOyQnzo8v41rY\/s1600\/1678080861926692-4.png\" \/>  <\/a><\/p><\/div><div><p>Und als wir durch die Wiesen in der N\u00e4he des Buchenwaldes zur\u00fcckkehrten, entdeckten wir die Purpur-Tannen (Lamium purpureum).<\/p><p><a target=\"_blank\" href=\"https:\/\/blogger.googleusercontent.com\/img\/b\/R29vZ2xl\/AVvXsEiJraVBlE0OGX72gAFvqbiw-1W5M-3gf9VMCijAmsI0Y2D02M6M6-8M8JgFj53q5Ut-HCT5EAGZQ8x2mWo415YEf_rOGhY4FsTGgfpVZJ4RTBeGZNqoBfGY4zohCMOrUPaXNAqfRNL20WTA\/s1600\/1678080859129521-5.png\">    <img decoding=\"async\" src=\"https:\/\/blogger.googleusercontent.com\/img\/b\/R29vZ2xl\/AVvXsEiJraVBlE0OGX72gAFvqbiw-1W5M-3gf9VMCijAmsI0Y2D02M6M6-8M8JgFj53q5Ut-HCT5EAGZQ8x2mWo415YEf_rOGhY4FsTGgfpVZJ4RTBeGZNqoBfGY4zohCMOrUPaXNAqfRNL20WTA\/s1600\/1678080859129521-5.png\" \/>  <\/a><\/p><\/div><\/div><\/div><\/div><div>\t\t\t\t\t\t\t\t<\/div>\n\t\t\t\t<\/div>\n\t\t            <\/div>\r\n        <\/div>\r\n        \t\t\t<\/div>\n\t\t<\/section>\n\t\t\t\t<\/div>","protected":false},"excerpt":{"rendered":"<p>Fui con el Komando Azkoien gracias a mi amigo C\u00e9sar Gonz\u00e1lez a Urdiain para ver los narcisos de los hayedos de la zona. Como siempre un placer con buena compa\u00f1\u00eda. Y tras un corto paseo vemos los cientos y cientos de ese bulbo tan espectacular en Navarra. Narcissus palidiflorus. Tambi\u00e9n hab\u00eda bastante Erythronium dens-canis pero [&hellip;]<\/p>","protected":false},"author":2,"featured_media":10223,"comment_status":"closed","ping_status":"open","sticky":false,"template":"","format":"standard","meta":{"footnotes":""},"categories":[1],"tags":[],"class_list":["post-10179","post","type-post","status-publish","format-standard","has-post-thumbnail","hentry","category-flora"],"yoast_head":"<!-- This site is optimized with the Yoast SEO plugin v26.4 - https:\/\/yoast.com\/wordpress\/plugins\/seo\/ -->\n<title>Paseo bot\u00e1nico a Urdiain, Navarra - MSD Paisajismo<\/title>\n<meta name=\"robots\" content=\"index, follow, max-snippet:-1, max-image-preview:large, max-video-preview:-1\" \/>\n<link rel=\"canonical\" href=\"https:\/\/msdpaisajismo.com\/de\/paseo-botanico-a-urdiain-navarra\/\" \/>\n<meta property=\"og:locale\" content=\"de_DE\" \/>\n<meta property=\"og:type\" content=\"article\" \/>\n<meta property=\"og:title\" content=\"Paseo bot\u00e1nico a Urdiain, Navarra - MSD Paisajismo\" \/>\n<meta property=\"og:description\" content=\"Fui con el Komando Azkoien gracias a mi amigo C\u00e9sar Gonz\u00e1lez a Urdiain para ver los narcisos de los hayedos de la zona. Como siempre un placer con buena compa\u00f1\u00eda. Y tras un corto paseo vemos los cientos y cientos de ese bulbo tan espectacular en Navarra. Narcissus palidiflorus. Tambi\u00e9n hab\u00eda bastante Erythronium dens-canis pero [&hellip;]\" \/>\n<meta property=\"og:url\" content=\"https:\/\/msdpaisajismo.com\/de\/paseo-botanico-a-urdiain-navarra\/\" \/>\n<meta property=\"og:site_name\" content=\"MSD Paisajismo\" \/>\n<meta property=\"article:published_time\" content=\"2023-03-05T07:42:05+00:00\" \/>\n<meta property=\"article:modified_time\" content=\"2024-09-17T08:58:55+00:00\" \/>\n<meta property=\"og:image\" content=\"https:\/\/msdpaisajismo.com\/wp-content\/uploads\/2023\/03\/paseo-urdain.jpg\" \/>\n\t<meta property=\"og:image:width\" content=\"1600\" \/>\n\t<meta property=\"og:image:height\" content=\"1200\" \/>\n\t<meta property=\"og:image:type\" content=\"image\/jpeg\" \/>\n<meta name=\"author\" content=\"Mariana ZGC\" \/>\n<meta name=\"twitter:card\" content=\"summary_large_image\" \/>\n<meta name=\"twitter:label1\" content=\"Verfasst von\" \/>\n\t<meta name=\"twitter:data1\" content=\"Mariana ZGC\" \/>\n\t<meta name=\"twitter:label2\" content=\"Gesch\u00e4tzte Lesezeit\" \/>\n\t<meta name=\"twitter:data2\" content=\"2\u00a0Minuten\" \/>\n<script type=\"application\/ld+json\" class=\"yoast-schema-graph\">{\"@context\":\"https:\/\/schema.org\",\"@graph\":[{\"@type\":\"WebPage\",\"@id\":\"https:\/\/msdpaisajismo.com\/paseo-botanico-a-urdiain-navarra\/\",\"url\":\"https:\/\/msdpaisajismo.com\/paseo-botanico-a-urdiain-navarra\/\",\"name\":\"Paseo bot\u00e1nico a Urdiain, Navarra - MSD Paisajismo\",\"isPartOf\":{\"@id\":\"https:\/\/msdpaisajismo.com\/#website\"},\"primaryImageOfPage\":{\"@id\":\"https:\/\/msdpaisajismo.com\/paseo-botanico-a-urdiain-navarra\/#primaryimage\"},\"image\":{\"@id\":\"https:\/\/msdpaisajismo.com\/paseo-botanico-a-urdiain-navarra\/#primaryimage\"},\"thumbnailUrl\":\"https:\/\/msdpaisajismo.com\/wp-content\/uploads\/2023\/03\/paseo-urdain.jpg\",\"datePublished\":\"2023-03-05T07:42:05+00:00\",\"dateModified\":\"2024-09-17T08:58:55+00:00\",\"author\":{\"@id\":\"https:\/\/msdpaisajismo.com\/#\/schema\/person\/a4a1ec2bf68b4319abe4ee429fcfa393\"},\"breadcrumb\":{\"@id\":\"https:\/\/msdpaisajismo.com\/paseo-botanico-a-urdiain-navarra\/#breadcrumb\"},\"inLanguage\":\"de\",\"potentialAction\":[{\"@type\":\"ReadAction\",\"target\":[\"https:\/\/msdpaisajismo.com\/paseo-botanico-a-urdiain-navarra\/\"]}]},{\"@type\":\"ImageObject\",\"inLanguage\":\"de\",\"@id\":\"https:\/\/msdpaisajismo.com\/paseo-botanico-a-urdiain-navarra\/#primaryimage\",\"url\":\"https:\/\/msdpaisajismo.com\/wp-content\/uploads\/2023\/03\/paseo-urdain.jpg\",\"contentUrl\":\"https:\/\/msdpaisajismo.com\/wp-content\/uploads\/2023\/03\/paseo-urdain.jpg\",\"width\":1600,\"height\":1200},{\"@type\":\"BreadcrumbList\",\"@id\":\"https:\/\/msdpaisajismo.com\/paseo-botanico-a-urdiain-navarra\/#breadcrumb\",\"itemListElement\":[{\"@type\":\"ListItem\",\"position\":1,\"name\":\"Portada\",\"item\":\"https:\/\/msdpaisajismo.com\/\"},{\"@type\":\"ListItem\",\"position\":2,\"name\":\"Paseo bot\u00e1nico a Urdiain, Navarra\"}]},{\"@type\":\"WebSite\",\"@id\":\"https:\/\/msdpaisajismo.com\/#website\",\"url\":\"https:\/\/msdpaisajismo.com\/\",\"name\":\"MSD Paisajismo\",\"description\":\"\",\"potentialAction\":[{\"@type\":\"SearchAction\",\"target\":{\"@type\":\"EntryPoint\",\"urlTemplate\":\"https:\/\/msdpaisajismo.com\/?s={search_term_string}\"},\"query-input\":{\"@type\":\"PropertyValueSpecification\",\"valueRequired\":true,\"valueName\":\"search_term_string\"}}],\"inLanguage\":\"de\"},{\"@type\":\"Person\",\"@id\":\"https:\/\/msdpaisajismo.com\/#\/schema\/person\/a4a1ec2bf68b4319abe4ee429fcfa393\",\"name\":\"Mariana ZGC\",\"image\":{\"@type\":\"ImageObject\",\"inLanguage\":\"de\",\"@id\":\"https:\/\/msdpaisajismo.com\/#\/schema\/person\/image\/\",\"url\":\"https:\/\/secure.gravatar.com\/avatar\/420e7b9284d0119d0d1d3676211c504f78ed24b2b9f5c32a728f087d9b0a6b0c?s=96&d=mm&r=g\",\"contentUrl\":\"https:\/\/secure.gravatar.com\/avatar\/420e7b9284d0119d0d1d3676211c504f78ed24b2b9f5c32a728f087d9b0a6b0c?s=96&d=mm&r=g\",\"caption\":\"Mariana ZGC\"}}]}<\/script>\n<!-- \/ Yoast SEO plugin. -->","yoast_head_json":{"title":"Paseo bot\u00e1nico a Urdiain, Navarra - MSD Paisajismo","robots":{"index":"index","follow":"follow","max-snippet":"max-snippet:-1","max-image-preview":"max-image-preview:large","max-video-preview":"max-video-preview:-1"},"canonical":"https:\/\/msdpaisajismo.com\/de\/paseo-botanico-a-urdiain-navarra\/","og_locale":"de_DE","og_type":"article","og_title":"Paseo bot\u00e1nico a Urdiain, Navarra - MSD Paisajismo","og_description":"Fui con el Komando Azkoien gracias a mi amigo C\u00e9sar Gonz\u00e1lez a Urdiain para ver los narcisos de los hayedos de la zona. Como siempre un placer con buena compa\u00f1\u00eda. Y tras un corto paseo vemos los cientos y cientos de ese bulbo tan espectacular en Navarra. Narcissus palidiflorus. Tambi\u00e9n hab\u00eda bastante Erythronium dens-canis pero [&hellip;]","og_url":"https:\/\/msdpaisajismo.com\/de\/paseo-botanico-a-urdiain-navarra\/","og_site_name":"MSD Paisajismo","article_published_time":"2023-03-05T07:42:05+00:00","article_modified_time":"2024-09-17T08:58:55+00:00","og_image":[{"width":1600,"height":1200,"url":"https:\/\/msdpaisajismo.com\/wp-content\/uploads\/2023\/03\/paseo-urdain.jpg","type":"image\/jpeg"}],"author":"Mariana ZGC","twitter_card":"summary_large_image","twitter_misc":{"Verfasst von":"Mariana ZGC","Gesch\u00e4tzte Lesezeit":"2\u00a0Minuten"},"schema":{"@context":"https:\/\/schema.org","@graph":[{"@type":"WebPage","@id":"https:\/\/msdpaisajismo.com\/paseo-botanico-a-urdiain-navarra\/","url":"https:\/\/msdpaisajismo.com\/paseo-botanico-a-urdiain-navarra\/","name":"Paseo bot\u00e1nico a Urdiain, Navarra - MSD Paisajismo","isPartOf":{"@id":"https:\/\/msdpaisajismo.com\/#website"},"primaryImageOfPage":{"@id":"https:\/\/msdpaisajismo.com\/paseo-botanico-a-urdiain-navarra\/#primaryimage"},"image":{"@id":"https:\/\/msdpaisajismo.com\/paseo-botanico-a-urdiain-navarra\/#primaryimage"},"thumbnailUrl":"https:\/\/msdpaisajismo.com\/wp-content\/uploads\/2023\/03\/paseo-urdain.jpg","datePublished":"2023-03-05T07:42:05+00:00","dateModified":"2024-09-17T08:58:55+00:00","author":{"@id":"https:\/\/msdpaisajismo.com\/#\/schema\/person\/a4a1ec2bf68b4319abe4ee429fcfa393"},"breadcrumb":{"@id":"https:\/\/msdpaisajismo.com\/paseo-botanico-a-urdiain-navarra\/#breadcrumb"},"inLanguage":"de","potentialAction":[{"@type":"ReadAction","target":["https:\/\/msdpaisajismo.com\/paseo-botanico-a-urdiain-navarra\/"]}]},{"@type":"ImageObject","inLanguage":"de","@id":"https:\/\/msdpaisajismo.com\/paseo-botanico-a-urdiain-navarra\/#primaryimage","url":"https:\/\/msdpaisajismo.com\/wp-content\/uploads\/2023\/03\/paseo-urdain.jpg","contentUrl":"https:\/\/msdpaisajismo.com\/wp-content\/uploads\/2023\/03\/paseo-urdain.jpg","width":1600,"height":1200},{"@type":"BreadcrumbList","@id":"https:\/\/msdpaisajismo.com\/paseo-botanico-a-urdiain-navarra\/#breadcrumb","itemListElement":[{"@type":"ListItem","position":1,"name":"Portada","item":"https:\/\/msdpaisajismo.com\/"},{"@type":"ListItem","position":2,"name":"Paseo bot\u00e1nico a Urdiain, Navarra"}]},{"@type":"WebSite","@id":"https:\/\/msdpaisajismo.com\/#website","url":"https:\/\/msdpaisajismo.com\/","name":"MSD Paisajismo","description":"","potentialAction":[{"@type":"SearchAction","target":{"@type":"EntryPoint","urlTemplate":"https:\/\/msdpaisajismo.com\/?s={search_term_string}"},"query-input":{"@type":"PropertyValueSpecification","valueRequired":true,"valueName":"search_term_string"}}],"inLanguage":"de"},{"@type":"Person","@id":"https:\/\/msdpaisajismo.com\/#\/schema\/person\/a4a1ec2bf68b4319abe4ee429fcfa393","name":"Mariana ZGC","image":{"@type":"ImageObject","inLanguage":"de","@id":"https:\/\/msdpaisajismo.com\/#\/schema\/person\/image\/","url":"https:\/\/secure.gravatar.com\/avatar\/420e7b9284d0119d0d1d3676211c504f78ed24b2b9f5c32a728f087d9b0a6b0c?s=96&d=mm&r=g","contentUrl":"https:\/\/secure.gravatar.com\/avatar\/420e7b9284d0119d0d1d3676211c504f78ed24b2b9f5c32a728f087d9b0a6b0c?s=96&d=mm&r=g","caption":"Mariana ZGC"}}]}},"_links":{"self":[{"href":"https:\/\/msdpaisajismo.com\/de\/wp-json\/wp\/v2\/posts\/10179","targetHints":{"allow":["GET"]}}],"collection":[{"href":"https:\/\/msdpaisajismo.com\/de\/wp-json\/wp\/v2\/posts"}],"about":[{"href":"https:\/\/msdpaisajismo.com\/de\/wp-json\/wp\/v2\/types\/post"}],"author":[{"embeddable":true,"href":"https:\/\/msdpaisajismo.com\/de\/wp-json\/wp\/v2\/users\/2"}],"replies":[{"embeddable":true,"href":"https:\/\/msdpaisajismo.com\/de\/wp-json\/wp\/v2\/comments?post=10179"}],"version-history":[{"count":13,"href":"https:\/\/msdpaisajismo.com\/de\/wp-json\/wp\/v2\/posts\/10179\/revisions"}],"predecessor-version":[{"id":10226,"href":"https:\/\/msdpaisajismo.com\/de\/wp-json\/wp\/v2\/posts\/10179\/revisions\/10226"}],"wp:featuredmedia":[{"embeddable":true,"href":"https:\/\/msdpaisajismo.com\/de\/wp-json\/wp\/v2\/media\/10223"}],"wp:attachment":[{"href":"https:\/\/msdpaisajismo.com\/de\/wp-json\/wp\/v2\/media?parent=10179"}],"wp:term":[{"taxonomy":"category","embeddable":true,"href":"https:\/\/msdpaisajismo.com\/de\/wp-json\/wp\/v2\/categories?post=10179"},{"taxonomy":"post_tag","embeddable":true,"href":"https:\/\/msdpaisajismo.com\/de\/wp-json\/wp\/v2\/tags?post=10179"}],"curies":[{"name":"wp","href":"https:\/\/api.w.org\/{rel}","templated":true}]}}