{"id":10210,"date":"2023-08-21T08:59:51","date_gmt":"2023-08-21T06:59:51","guid":{"rendered":"https:\/\/msdpaisajismo.com\/?p=10210"},"modified":"2024-04-10T08:40:26","modified_gmt":"2024-04-10T06:40:26","slug":"paseo-por-el-litoral-de-bizkaia","status":"publish","type":"post","link":"https:\/\/msdpaisajismo.com\/de\/paseo-por-el-litoral-de-bizkaia\/","title":{"rendered":"Spazieren Sie entlang der K\u00fcste von Bizkaia"},"content":{"rendered":"<div data-elementor-type=\"wp-post\" data-elementor-id=\"10210\" class=\"elementor elementor-10210\" data-elementor-post-type=\"post\">\n\t\t\t\t        <section class=\"elementor-section elementor-top-section elementor-element elementor-element-af88f34 elementor-section-boxed elementor-section-height-default elementor-section-height-default pxl-row-scroll-none pxl-show-grid-none pxl-section-bg-none pxl-section-grid-bg-false\" data-id=\"af88f34\" data-element_type=\"section\">\n\n                \n                <div class=\"elementor-container elementor-column-gap-default\">\n                <div class=\"elementor-column elementor-col-100 elementor-top-column elementor-element elementor-element-31d2476 pxl-column-none\" data-id=\"31d2476\" data-element_type=\"column\">\r\n        <div class=\"elementor-widget-wrap elementor-element-populated\">\r\n                     \r\n        \t\t<div class=\"elementor-element elementor-element-7c3cc13 elementor-widget elementor-widget-text-editor\" data-id=\"7c3cc13\" data-element_type=\"widget\" data-widget_type=\"text-editor.default\">\n\t\t\t\t<div class=\"elementor-widget-container\">\n\t\t\t\t\t\t\t\t\t<div><p>Ich genoss den Spaziergang entlang dieser K\u00fcste, die sich so sehr von den Flyschformationen bis zu den felsigen Abschnitten unterschied. Die Flora war spektakul\u00e4r und trotzte den Gezeiten und den Kr\u00e4ften des Ozeans. Eine Pflanze, die mir schon immer ins Auge gefallen war, war der Strandfenchel, der hier in H\u00fclle und F\u00fclle entlang der gesamten K\u00fcste wuchs.<\/p><div><br \/><div><p><a target=\"_blank\" href=\"https:\/\/blogger.googleusercontent.com\/img\/a\/AVvXsEjKGTiahXmtovlYRTl5D9VvGNSIi4DYTiaewCvA8uRB7GDZpunbMdqytejaEiVqi2C-l5WEaI933FmM0pqel98FYBYQYM1aBq7fO0ByzzSO4BL7QvVMaJ1Q39FVe-HqcEvgZhi7qBTzSZDzpEL2EG61iFxQjs9LcWfGD5F3EIfwYmNqiU5I6YYnSvfhTbuK\">    <\/a><img decoding=\"async\" src=\"https:\/\/blogger.googleusercontent.com\/img\/a\/AVvXsEjKGTiahXmtovlYRTl5D9VvGNSIi4DYTiaewCvA8uRB7GDZpunbMdqytejaEiVqi2C-l5WEaI933FmM0pqel98FYBYQYM1aBq7fO0ByzzSO4BL7QvVMaJ1Q39FVe-HqcEvgZhi7qBTzSZDzpEL2EG61iFxQjs9LcWfGD5F3EIfwYmNqiU5I6YYnSvfhTbuK\" \/><\/p><\/div><p>Crithmum maritimum (Strandfenchel)<\/p><div><p>Eine Art, die mir schon immer gefallen hat, ist das Leinkraut, das ich hier besonders hervorheben m\u00f6chte.<\/p><div><br \/><div><div><p><a target=\"_blank\" href=\"https:\/\/blogger.googleusercontent.com\/img\/a\/AVvXsEgRETXarQH-O6Mv2lNBoc_e8ZVDT-EyH6m6oQqN58bSYPmNw4zJkM8VBpbxAb1I-L1Hh7Eh-w-rJv7uWj-J7d4rCwMrj9Os-pFlB8_x2TuuiIF4pez4w8tA3hjD_KRBzfTKZiEx-7a4-4mPeMWLGDDkzqV5xbDsJUSl1QGbY2kjQctdG9WumvSTJ5yb1CWu\">    <img decoding=\"async\" src=\"https:\/\/blogger.googleusercontent.com\/img\/a\/AVvXsEgRETXarQH-O6Mv2lNBoc_e8ZVDT-EyH6m6oQqN58bSYPmNw4zJkM8VBpbxAb1I-L1Hh7Eh-w-rJv7uWj-J7d4rCwMrj9Os-pFlB8_x2TuuiIF4pez4w8tA3hjD_KRBzfTKZiEx-7a4-4mPeMWLGDDkzqV5xbDsJUSl1QGbY2kjQctdG9WumvSTJ5yb1CWu\" \/>  <\/a><\/p><\/div><p>Linaria supina subsp. maritime.<\/p><\/div><div><p><a target=\"_blank\" href=\"https:\/\/blogger.googleusercontent.com\/img\/a\/AVvXsEhxSjDK6_OMlwLlyiQIXALl3lGRkKf36X_X6x7OKjsY0BhCECee0apadeSu8Hv6KfL1kNQtYzfunIBMfXJl3l6iDrjb8jr6Ca7wWl_doHC1uIUKuUFy_AnBbF17TYwoziieHKRd0hVQnRcEvO1zcaE5gX892TGLaDo07ciiPVwIWlfXcUNw7XEexpBHxV85\">    <img decoding=\"async\" src=\"https:\/\/blogger.googleusercontent.com\/img\/a\/AVvXsEhxSjDK6_OMlwLlyiQIXALl3lGRkKf36X_X6x7OKjsY0BhCECee0apadeSu8Hv6KfL1kNQtYzfunIBMfXJl3l6iDrjb8jr6Ca7wWl_doHC1uIUKuUFy_AnBbF17TYwoziieHKRd0hVQnRcEvO1zcaE5gX892TGLaDo07ciiPVwIWlfXcUNw7XEexpBHxV85\" \/>  <\/a><\/p><div><p>Verabredungen in diesem Umfeld.<\/p><div><p><a target=\"_blank\" href=\"https:\/\/blogger.googleusercontent.com\/img\/a\/AVvXsEiunGWW0uMK1XpsWOWoW6fMCRvg1hIrmu5bhfSzRSm_G-YRBJ1zfEigirCYG8QOPpOzN0v2dagMVhWfTXDcpBRp1wTo6wc2dcQBMiJpXGYY3NbHMyyVphc6itpntdJFknIU8MQ7xQksCc_HX77GKg-7w69kAL8Y506SLk9kdbEQNeVWplNLEatulrEICTVr\">    <img decoding=\"async\" src=\"https:\/\/blogger.googleusercontent.com\/img\/a\/AVvXsEiunGWW0uMK1XpsWOWoW6fMCRvg1hIrmu5bhfSzRSm_G-YRBJ1zfEigirCYG8QOPpOzN0v2dagMVhWfTXDcpBRp1wTo6wc2dcQBMiJpXGYY3NbHMyyVphc6itpntdJFknIU8MQ7xQksCc_HX77GKg-7w69kAL8Y506SLk9kdbEQNeVWplNLEatulrEICTVr\" \/>  <\/a><\/p><p>Gesamte Anlage.<\/p><\/div><\/div><\/div><\/div><\/div><\/div><\/div><\/div><div>\t\t\t\t\t\t\t\t<\/div>\n\t\t\t\t<\/div>\n\t\t            <\/div>\r\n        <\/div>\r\n        \t\t\t<\/div>\n\t\t<\/section>\n\t\t\t\t<\/div>","protected":false},"excerpt":{"rendered":"<p>A gusto paseando por ese litoral tan diferente entre flysch y las partes rocosas. Una flora espectacular resistente a la marea y las fuerzas del oc\u00e9ano. Una planta que siempre me hab\u00eda llamado la atenci\u00f3n es el hinojo marino que abundaba a toda su largura. Crithmum maritimum (Strandfenchel) Una especie que siempre me ha gustado [&hellip;]<\/p>","protected":false},"author":2,"featured_media":10219,"comment_status":"open","ping_status":"open","sticky":false,"template":"","format":"standard","meta":{"footnotes":""},"categories":[1],"tags":[],"class_list":["post-10210","post","type-post","status-publish","format-standard","has-post-thumbnail","hentry","category-flora"],"yoast_head":"<!-- This site is optimized with the Yoast SEO plugin v26.4 - https:\/\/yoast.com\/wordpress\/plugins\/seo\/ -->\n<title>Paseo por el litoral de Bizkaia - MSD Paisajismo<\/title>\n<meta name=\"robots\" content=\"index, follow, max-snippet:-1, max-image-preview:large, max-video-preview:-1\" \/>\n<link rel=\"canonical\" href=\"https:\/\/msdpaisajismo.com\/de\/paseo-por-el-litoral-de-bizkaia\/\" \/>\n<meta property=\"og:locale\" content=\"de_DE\" \/>\n<meta property=\"og:type\" content=\"article\" \/>\n<meta property=\"og:title\" content=\"Paseo por el litoral de Bizkaia - MSD Paisajismo\" \/>\n<meta property=\"og:description\" content=\"A gusto paseando por ese litoral tan diferente entre flysch y las partes rocosas. Una flora espectacular resistente a la marea y las fuerzas del oc\u00e9ano. Una planta que siempre me hab\u00eda llamado la atenci\u00f3n es el hinojo marino que abundaba a toda su largura. Crithmum maritimum (Strandfenchel) Una especie que siempre me ha gustado [&hellip;]\" \/>\n<meta property=\"og:url\" content=\"https:\/\/msdpaisajismo.com\/de\/paseo-por-el-litoral-de-bizkaia\/\" \/>\n<meta property=\"og:site_name\" content=\"MSD Paisajismo\" \/>\n<meta property=\"article:published_time\" content=\"2023-08-21T06:59:51+00:00\" \/>\n<meta property=\"article:modified_time\" content=\"2024-04-10T06:40:26+00:00\" \/>\n<meta property=\"og:image\" content=\"https:\/\/msdpaisajismo.com\/wp-content\/uploads\/2023\/08\/paseo-litoral-bizkaia-925x1024.jpg\" \/>\n\t<meta property=\"og:image:width\" content=\"925\" \/>\n\t<meta property=\"og:image:height\" content=\"1024\" \/>\n\t<meta property=\"og:image:type\" content=\"image\/jpeg\" \/>\n<meta name=\"author\" content=\"Mariana ZGC\" \/>\n<meta name=\"twitter:card\" content=\"summary_large_image\" \/>\n<meta name=\"twitter:label1\" content=\"Verfasst von\" \/>\n\t<meta name=\"twitter:data1\" content=\"Mariana ZGC\" \/>\n\t<meta name=\"twitter:label2\" content=\"Gesch\u00e4tzte Lesezeit\" \/>\n\t<meta name=\"twitter:data2\" content=\"2\u00a0Minuten\" \/>\n<script type=\"application\/ld+json\" class=\"yoast-schema-graph\">{\"@context\":\"https:\/\/schema.org\",\"@graph\":[{\"@type\":\"WebPage\",\"@id\":\"https:\/\/msdpaisajismo.com\/paseo-por-el-litoral-de-bizkaia\/\",\"url\":\"https:\/\/msdpaisajismo.com\/paseo-por-el-litoral-de-bizkaia\/\",\"name\":\"Paseo por el litoral de Bizkaia - MSD Paisajismo\",\"isPartOf\":{\"@id\":\"https:\/\/msdpaisajismo.com\/#website\"},\"primaryImageOfPage\":{\"@id\":\"https:\/\/msdpaisajismo.com\/paseo-por-el-litoral-de-bizkaia\/#primaryimage\"},\"image\":{\"@id\":\"https:\/\/msdpaisajismo.com\/paseo-por-el-litoral-de-bizkaia\/#primaryimage\"},\"thumbnailUrl\":\"https:\/\/msdpaisajismo.com\/wp-content\/uploads\/2023\/08\/paseo-litoral-bizkaia.jpg\",\"datePublished\":\"2023-08-21T06:59:51+00:00\",\"dateModified\":\"2024-04-10T06:40:26+00:00\",\"author\":{\"@id\":\"https:\/\/msdpaisajismo.com\/#\/schema\/person\/a4a1ec2bf68b4319abe4ee429fcfa393\"},\"breadcrumb\":{\"@id\":\"https:\/\/msdpaisajismo.com\/paseo-por-el-litoral-de-bizkaia\/#breadcrumb\"},\"inLanguage\":\"de\",\"potentialAction\":[{\"@type\":\"ReadAction\",\"target\":[\"https:\/\/msdpaisajismo.com\/paseo-por-el-litoral-de-bizkaia\/\"]}]},{\"@type\":\"ImageObject\",\"inLanguage\":\"de\",\"@id\":\"https:\/\/msdpaisajismo.com\/paseo-por-el-litoral-de-bizkaia\/#primaryimage\",\"url\":\"https:\/\/msdpaisajismo.com\/wp-content\/uploads\/2023\/08\/paseo-litoral-bizkaia.jpg\",\"contentUrl\":\"https:\/\/msdpaisajismo.com\/wp-content\/uploads\/2023\/08\/paseo-litoral-bizkaia.jpg\",\"width\":1446,\"height\":1600},{\"@type\":\"BreadcrumbList\",\"@id\":\"https:\/\/msdpaisajismo.com\/paseo-por-el-litoral-de-bizkaia\/#breadcrumb\",\"itemListElement\":[{\"@type\":\"ListItem\",\"position\":1,\"name\":\"Portada\",\"item\":\"https:\/\/msdpaisajismo.com\/\"},{\"@type\":\"ListItem\",\"position\":2,\"name\":\"Paseo por el litoral de Bizkaia\"}]},{\"@type\":\"WebSite\",\"@id\":\"https:\/\/msdpaisajismo.com\/#website\",\"url\":\"https:\/\/msdpaisajismo.com\/\",\"name\":\"MSD Paisajismo\",\"description\":\"\",\"potentialAction\":[{\"@type\":\"SearchAction\",\"target\":{\"@type\":\"EntryPoint\",\"urlTemplate\":\"https:\/\/msdpaisajismo.com\/?s={search_term_string}\"},\"query-input\":{\"@type\":\"PropertyValueSpecification\",\"valueRequired\":true,\"valueName\":\"search_term_string\"}}],\"inLanguage\":\"de\"},{\"@type\":\"Person\",\"@id\":\"https:\/\/msdpaisajismo.com\/#\/schema\/person\/a4a1ec2bf68b4319abe4ee429fcfa393\",\"name\":\"Mariana ZGC\",\"image\":{\"@type\":\"ImageObject\",\"inLanguage\":\"de\",\"@id\":\"https:\/\/msdpaisajismo.com\/#\/schema\/person\/image\/\",\"url\":\"https:\/\/secure.gravatar.com\/avatar\/420e7b9284d0119d0d1d3676211c504f78ed24b2b9f5c32a728f087d9b0a6b0c?s=96&d=mm&r=g\",\"contentUrl\":\"https:\/\/secure.gravatar.com\/avatar\/420e7b9284d0119d0d1d3676211c504f78ed24b2b9f5c32a728f087d9b0a6b0c?s=96&d=mm&r=g\",\"caption\":\"Mariana ZGC\"}}]}<\/script>\n<!-- \/ Yoast SEO plugin. -->","yoast_head_json":{"title":"Paseo por el litoral de Bizkaia - MSD Paisajismo","robots":{"index":"index","follow":"follow","max-snippet":"max-snippet:-1","max-image-preview":"max-image-preview:large","max-video-preview":"max-video-preview:-1"},"canonical":"https:\/\/msdpaisajismo.com\/de\/paseo-por-el-litoral-de-bizkaia\/","og_locale":"de_DE","og_type":"article","og_title":"Paseo por el litoral de Bizkaia - MSD Paisajismo","og_description":"A gusto paseando por ese litoral tan diferente entre flysch y las partes rocosas. Una flora espectacular resistente a la marea y las fuerzas del oc\u00e9ano. Una planta que siempre me hab\u00eda llamado la atenci\u00f3n es el hinojo marino que abundaba a toda su largura. Crithmum maritimum (Strandfenchel) Una especie que siempre me ha gustado [&hellip;]","og_url":"https:\/\/msdpaisajismo.com\/de\/paseo-por-el-litoral-de-bizkaia\/","og_site_name":"MSD Paisajismo","article_published_time":"2023-08-21T06:59:51+00:00","article_modified_time":"2024-04-10T06:40:26+00:00","og_image":[{"width":925,"height":1024,"url":"https:\/\/msdpaisajismo.com\/wp-content\/uploads\/2023\/08\/paseo-litoral-bizkaia-925x1024.jpg","type":"image\/jpeg"}],"author":"Mariana ZGC","twitter_card":"summary_large_image","twitter_misc":{"Verfasst von":"Mariana ZGC","Gesch\u00e4tzte Lesezeit":"2\u00a0Minuten"},"schema":{"@context":"https:\/\/schema.org","@graph":[{"@type":"WebPage","@id":"https:\/\/msdpaisajismo.com\/paseo-por-el-litoral-de-bizkaia\/","url":"https:\/\/msdpaisajismo.com\/paseo-por-el-litoral-de-bizkaia\/","name":"Paseo por el litoral de Bizkaia - MSD Paisajismo","isPartOf":{"@id":"https:\/\/msdpaisajismo.com\/#website"},"primaryImageOfPage":{"@id":"https:\/\/msdpaisajismo.com\/paseo-por-el-litoral-de-bizkaia\/#primaryimage"},"image":{"@id":"https:\/\/msdpaisajismo.com\/paseo-por-el-litoral-de-bizkaia\/#primaryimage"},"thumbnailUrl":"https:\/\/msdpaisajismo.com\/wp-content\/uploads\/2023\/08\/paseo-litoral-bizkaia.jpg","datePublished":"2023-08-21T06:59:51+00:00","dateModified":"2024-04-10T06:40:26+00:00","author":{"@id":"https:\/\/msdpaisajismo.com\/#\/schema\/person\/a4a1ec2bf68b4319abe4ee429fcfa393"},"breadcrumb":{"@id":"https:\/\/msdpaisajismo.com\/paseo-por-el-litoral-de-bizkaia\/#breadcrumb"},"inLanguage":"de","potentialAction":[{"@type":"ReadAction","target":["https:\/\/msdpaisajismo.com\/paseo-por-el-litoral-de-bizkaia\/"]}]},{"@type":"ImageObject","inLanguage":"de","@id":"https:\/\/msdpaisajismo.com\/paseo-por-el-litoral-de-bizkaia\/#primaryimage","url":"https:\/\/msdpaisajismo.com\/wp-content\/uploads\/2023\/08\/paseo-litoral-bizkaia.jpg","contentUrl":"https:\/\/msdpaisajismo.com\/wp-content\/uploads\/2023\/08\/paseo-litoral-bizkaia.jpg","width":1446,"height":1600},{"@type":"BreadcrumbList","@id":"https:\/\/msdpaisajismo.com\/paseo-por-el-litoral-de-bizkaia\/#breadcrumb","itemListElement":[{"@type":"ListItem","position":1,"name":"Portada","item":"https:\/\/msdpaisajismo.com\/"},{"@type":"ListItem","position":2,"name":"Paseo por el litoral de Bizkaia"}]},{"@type":"WebSite","@id":"https:\/\/msdpaisajismo.com\/#website","url":"https:\/\/msdpaisajismo.com\/","name":"MSD Paisajismo","description":"","potentialAction":[{"@type":"SearchAction","target":{"@type":"EntryPoint","urlTemplate":"https:\/\/msdpaisajismo.com\/?s={search_term_string}"},"query-input":{"@type":"PropertyValueSpecification","valueRequired":true,"valueName":"search_term_string"}}],"inLanguage":"de"},{"@type":"Person","@id":"https:\/\/msdpaisajismo.com\/#\/schema\/person\/a4a1ec2bf68b4319abe4ee429fcfa393","name":"Mariana ZGC","image":{"@type":"ImageObject","inLanguage":"de","@id":"https:\/\/msdpaisajismo.com\/#\/schema\/person\/image\/","url":"https:\/\/secure.gravatar.com\/avatar\/420e7b9284d0119d0d1d3676211c504f78ed24b2b9f5c32a728f087d9b0a6b0c?s=96&d=mm&r=g","contentUrl":"https:\/\/secure.gravatar.com\/avatar\/420e7b9284d0119d0d1d3676211c504f78ed24b2b9f5c32a728f087d9b0a6b0c?s=96&d=mm&r=g","caption":"Mariana ZGC"}}]}},"_links":{"self":[{"href":"https:\/\/msdpaisajismo.com\/de\/wp-json\/wp\/v2\/posts\/10210","targetHints":{"allow":["GET"]}}],"collection":[{"href":"https:\/\/msdpaisajismo.com\/de\/wp-json\/wp\/v2\/posts"}],"about":[{"href":"https:\/\/msdpaisajismo.com\/de\/wp-json\/wp\/v2\/types\/post"}],"author":[{"embeddable":true,"href":"https:\/\/msdpaisajismo.com\/de\/wp-json\/wp\/v2\/users\/2"}],"replies":[{"embeddable":true,"href":"https:\/\/msdpaisajismo.com\/de\/wp-json\/wp\/v2\/comments?post=10210"}],"version-history":[{"count":7,"href":"https:\/\/msdpaisajismo.com\/de\/wp-json\/wp\/v2\/posts\/10210\/revisions"}],"predecessor-version":[{"id":10222,"href":"https:\/\/msdpaisajismo.com\/de\/wp-json\/wp\/v2\/posts\/10210\/revisions\/10222"}],"wp:featuredmedia":[{"embeddable":true,"href":"https:\/\/msdpaisajismo.com\/de\/wp-json\/wp\/v2\/media\/10219"}],"wp:attachment":[{"href":"https:\/\/msdpaisajismo.com\/de\/wp-json\/wp\/v2\/media?parent=10210"}],"wp:term":[{"taxonomy":"category","embeddable":true,"href":"https:\/\/msdpaisajismo.com\/de\/wp-json\/wp\/v2\/categories?post=10210"},{"taxonomy":"post_tag","embeddable":true,"href":"https:\/\/msdpaisajismo.com\/de\/wp-json\/wp\/v2\/tags?post=10210"}],"curies":[{"name":"wp","href":"https:\/\/api.w.org\/{rel}","templated":true}]}}